{"id":229,"date":"2013-10-07T18:49:12","date_gmt":"2013-10-07T16:49:12","guid":{"rendered":"http:\/\/fernstudiumscout.de\/insider\/?p=229"},"modified":"2018-05-17T00:17:42","modified_gmt":"2018-05-16T22:17:42","slug":"wintersemester-einschreibung-und-kursbelegung","status":"publish","type":"post","link":"http:\/\/fernstudiumscout.de\/insider\/wintersemester-einschreibung-und-kursbelegung\/","title":{"rendered":"Wintersemester, Einschreibung und Kursbelegung Fernstudium"},"content":{"rendered":"<p>Zeit einmal einen ersten R\u00fcckblick zu wagen &#8211; seit einer Woche l\u00e4uft das\u00a0Wintersemester 2013 und damit mein Studentenleben &#8222;auf vollen Touren&#8220;! Und diese erste Woche hatte es schon in sich. Nicht alles war so positiv, wie ich es mir vorab ertr\u00e4umt habe, den es ging nicht alles reibungslos. \u00dcber meine Erfahrungen mit dem Start an der <a href=\"http:\/\/fernstudiumscout.de\/fernschulen\/fernuni-hagen\/\">FernUni Hagen<\/a> m\u00f6chte ich heute berichten und euch damit ein paar sicher sehr wertvolle Tipps geben.\u00a0<a href=\"http:\/\/fernstudiumscout.de\/insider\/wp-content\/uploads\/sites\/3\/2013\/10\/einf\u00fchrung.jpg\"><img decoding=\"async\" loading=\"lazy\" class=\"alignright size-medium wp-image-232\" alt=\"einf\u00fchrung\" src=\"http:\/\/fernstudiumscout.de\/insider\/wp-content\/uploads\/sites\/3\/2013\/10\/einf\u00fchrung-300x263.jpg\" width=\"300\" height=\"263\" srcset=\"http:\/\/fernstudiumscout.de\/insider\/wp-content\/uploads\/sites\/3\/2013\/10\/einf\u00fchrung-300x263.jpg 300w, http:\/\/fernstudiumscout.de\/insider\/wp-content\/uploads\/sites\/3\/2013\/10\/einf\u00fchrung.jpg 504w\" sizes=\"(max-width: 300px) 100vw, 300px\" \/><\/a><\/p>\n<h2>Einschreibung und Kursbelegung<\/h2>\n<p>Fangen wir erst einmal mit ein paar wirklich positiven Dingen an. Ich hatte die M\u00f6glichkeit, an einer &#8222;Start-it-Up&#8220;- Veranstaltung in einem Regionalzentrum teilzunehmen. Das war wirklich eine Bereicherung. Nicht nur, das man schon einmal ein paar seiner k\u00fcnftigen Mit-Studierenden kennenlernen konnte, vor allem gab es eine Menge Informationen, die man (aktuell) noch vergeblich auf der Webseite der Fernuni sucht. Wer das nicht konnte, hat \u00fcbrigens die M\u00f6glichkeit auf der FernUni-Website <a href=\"http:\/\/www.fernuni-hagen.de\/videostreaming\/ksw\/babw\/\">allgemeine Video-Einf\u00fchrungen als Semestereinf\u00fchrung<\/a> anzusehen.<\/p>\n<p>Zum Beispiel gab eine\u00a0AStA-Referentin einen ersten Einblick in die Zusatzangebote, die der allgemeine Studierendenausschuss anbietet. Und es gab Tipps zu Mentoriaten beziehungsweise zu Lerngruppen, die \u00fcber den\u00a0AStA\u00a0beantragt werden k\u00f6nnen: So soll es die M\u00f6glichkeit geben, wenn mindestens f\u00fcnf Studierende zusammen kommen, die Finanzierung eines Mentors \u00fcber den AStA laufen zu lassen. Beantragen kann man das ganz formlos \u00fcber die Fachschaften.\u00a0Wahrscheinlich h\u00e4tte ich diesen Tipp erst herausgefunden, wenn ich schon fertig bin mit dem Studium&#8230;<\/p>\n<h2>Wintersemester, Lernplanung<\/h2>\n<p>Was mich allerdings wirklich zur\u00fcckgeworfen hat ist die Erstellung der Lernplanung f\u00fcr das Wintersemester. Jetzt muss ich dazu sagen, dass ich im Vorfeld wirklich sehr viel in den diversen Foren und Blogs recherchiert hatte, um die ideale Modul-Belegung f\u00fcr mich zu finden. Ich starte als Teilzeitstudent, einfach, um auch ein wenig mehr Luft zu haben, was den Wieder-Einstieg in die Lehre betrifft.<\/p>\n<p>Leider bin ich da von falschen Voraussetzungen ausgegangen und f\u00fchle mich ehrlich gesagt auch ein wenig schlecht beraten durch die FernUni. Denn gleich in meinem ersten Mentoriat am vergangenen Freitag hat uns die Lernbeauftragte einen viel genaueren und besseren Einblick in das Studienfach und die Problematik der Modul-Belegungen gegeben, als ich das in vielen Wochen zusammengetragen habe&#8230; Lange Rede, kurzer Sinn: Ich musste noch einmal umbelegen, dass hei\u00dft, ich habe noch ein weiteres Modul dazu genommen, um \u00fcberhaupt die Chance zu haben, die ersten Klausuren auch bestehen zu k\u00f6nnen. Den die Grundlagen, die dann im kommenden Jahr zur Semester-Abschlusspr\u00fcfung von mir erwartet werden, sind in meinem Studienfach so verteilt, dass sie von der Empfehlung f\u00fcr Teilzeitstudenten der FernUni her nicht zeitgleich belegt werden.\u00a0Ein echter Fauxpas, der es einem nur unn\u00f6tig schwer macht.<\/p>\n<p>Was sich leider nicht nur in diesem Bereich gezeigt hat, ist die scheinbar doch recht unterschiedliche Auffassung dazu die die Studienberatung und die die Lehrbeauftragten haben. Schade. Da scheint es einen Graben zwischen den Theoretikern und den Praktikern zu geben. Ich wei\u00df jetzt zumindest, dass ich mich besser an den\u00a0AStA wende und den Kontakt direkt zu den Mentoren suche. H\u00e4tte ich das im Vorfeld gewusst, h\u00e4tte ich Zeit f\u00fcr die jetzt erst einmal hinf\u00e4llige Planung und Geld f\u00fcr die Nachbelegung sparen k\u00f6nnen.<\/p>\n<p><strong>Falls ihr dazu mehr erfahren m\u00f6chtet, schreibt es mir bitte einfach in die Kommentare!<\/strong><\/p>\n<p>Zum Thema Nachbelegung werde ich in dieser Woche noch etwas ver\u00f6ffentlichen.<\/p>\n","protected":false},"excerpt":{"rendered":"<p>Zeit einmal einen ersten R\u00fcckblick zu wagen &#8211; seit einer Woche l\u00e4uft das\u00a0Wintersemester 2013 und damit mein Studentenleben &#8222;auf vollen Touren&#8220;! Und diese erste Woche hatte es schon in sich. Nicht alles war so positiv, wie ich es mir vorab ertr\u00e4umt habe, den es ging nicht alles reibungslos. \u00dcber meine Erfahrungen mit dem Start an [&hellip;]<\/p>\n","protected":false},"author":13,"featured_media":0,"comment_status":"closed","ping_status":"open","sticky":false,"template":"","format":"standard","meta":{"footnotes":""},"categories":[1],"tags":[17,8,52],"yoast_head":"<!-- This site is optimized with the Yoast SEO plugin v22.4 - https:\/\/yoast.com\/wordpress\/plugins\/seo\/ -->\n<title>Wintersemester, Einschreibung und Kursbelegung Fernstudium<\/title>\n<meta name=\"description\" content=\"So startete das Wintersemester 2013\/2014. Wir haben ein paar Tipps f\u00fcr euch, wie ihr nach der Einschreibung und Kursbelegung gut ins Fernstudium startet.\" \/>\n<meta name=\"robots\" content=\"index, follow, max-snippet:-1, max-image-preview:large, max-video-preview:-1\" \/>\n<link rel=\"canonical\" href=\"http:\/\/fernstudiumscout.de\/insider\/wintersemester-einschreibung-und-kursbelegung\/\" \/>\n<meta property=\"og:locale\" content=\"de_DE\" \/>\n<meta property=\"og:type\" content=\"article\" \/>\n<meta property=\"og:title\" content=\"Wintersemester, Einschreibung und Kursbelegung Fernstudium\" \/>\n<meta property=\"og:description\" content=\"So startete das Wintersemester 2013\/2014. Wir haben ein paar Tipps f\u00fcr euch, wie ihr nach der Einschreibung und Kursbelegung gut ins Fernstudium startet.\" \/>\n<meta property=\"og:url\" content=\"http:\/\/fernstudiumscout.de\/insider\/wintersemester-einschreibung-und-kursbelegung\/\" \/>\n<meta property=\"og:site_name\" content=\"Insiderblog von Fernstudenten\" \/>\n<meta property=\"article:author\" content=\"https:\/\/www.facebook.com\/njdressler\" \/>\n<meta property=\"article:published_time\" content=\"2013-10-07T16:49:12+00:00\" \/>\n<meta property=\"article:modified_time\" content=\"2018-05-16T22:17:42+00:00\" \/>\n<meta name=\"author\" content=\"Nadine\" \/>\n<meta name=\"twitter:label1\" content=\"Verfasst von\" \/>\n\t<meta name=\"twitter:data1\" content=\"Nadine\" \/>\n\t<meta name=\"twitter:label2\" content=\"Gesch\u00e4tzte Lesezeit\" \/>\n\t<meta name=\"twitter:data2\" content=\"3\u00a0Minuten\" \/>\n<script type=\"application\/ld+json\" class=\"yoast-schema-graph\">{\"@context\":\"https:\/\/schema.org\",\"@graph\":[{\"@type\":\"WebPage\",\"@id\":\"http:\/\/fernstudiumscout.de\/insider\/wintersemester-einschreibung-und-kursbelegung\/\",\"url\":\"http:\/\/fernstudiumscout.de\/insider\/wintersemester-einschreibung-und-kursbelegung\/\",\"name\":\"Wintersemester, Einschreibung und Kursbelegung Fernstudium\",\"isPartOf\":{\"@id\":\"https:\/\/fernstudiumscout.de\/insider\/#website\"},\"datePublished\":\"2013-10-07T16:49:12+00:00\",\"dateModified\":\"2018-05-16T22:17:42+00:00\",\"author\":{\"@id\":\"https:\/\/fernstudiumscout.de\/insider\/#\/schema\/person\/46948b00009174c77a43dfd4a9e91de2\"},\"description\":\"So startete das Wintersemester 2013\/2014. Wir haben ein paar Tipps f\u00fcr euch, wie ihr nach der Einschreibung und Kursbelegung gut ins Fernstudium startet.\",\"inLanguage\":\"de\",\"potentialAction\":[{\"@type\":\"ReadAction\",\"target\":[\"http:\/\/fernstudiumscout.de\/insider\/wintersemester-einschreibung-und-kursbelegung\/\"]}]},{\"@type\":\"WebSite\",\"@id\":\"https:\/\/fernstudiumscout.de\/insider\/#website\",\"url\":\"https:\/\/fernstudiumscout.de\/insider\/\",\"name\":\"Insiderblog von Fernstudenten\",\"description\":\"auf Fernstudiumscout.de\",\"potentialAction\":[{\"@type\":\"SearchAction\",\"target\":{\"@type\":\"EntryPoint\",\"urlTemplate\":\"https:\/\/fernstudiumscout.de\/insider\/?s={search_term_string}\"},\"query-input\":\"required name=search_term_string\"}],\"inLanguage\":\"de\"},{\"@type\":\"Person\",\"@id\":\"https:\/\/fernstudiumscout.de\/insider\/#\/schema\/person\/46948b00009174c77a43dfd4a9e91de2\",\"name\":\"Nadine\",\"image\":{\"@type\":\"ImageObject\",\"inLanguage\":\"de\",\"@id\":\"https:\/\/fernstudiumscout.de\/insider\/#\/schema\/person\/image\/\",\"url\":\"http:\/\/0.gravatar.com\/avatar\/6786f14bbaa065f8a9397ae0e7325602?s=96&d=mm&r=g\",\"contentUrl\":\"http:\/\/0.gravatar.com\/avatar\/6786f14bbaa065f8a9397ae0e7325602?s=96&d=mm&r=g\",\"caption\":\"Nadine\"},\"description\":\"Jahrgang 1976. Technik-Geek mit Hang zu OS X, Analog-Fotografie und Social Media. Gro\u00dfer Wissensdurst und die Lust am Neuen f\u00fchrte jetzt zu einem Fernstudium. Mein Motto: Tatsachen muss man kennen, bevor man sie verdrehen kann (Mark Twain).\",\"sameAs\":[\"https:\/\/www.facebook.com\/njdressler\",\"https:\/\/twitter.com\/pimpyourmac\"],\"url\":\"http:\/\/fernstudiumscout.de\/insider\/team\/nadine\/\"}]}<\/script>\n<!-- \/ Yoast SEO plugin. -->","yoast_head_json":{"title":"Wintersemester, Einschreibung und Kursbelegung Fernstudium","description":"So startete das Wintersemester 2013\/2014. Wir haben ein paar Tipps f\u00fcr euch, wie ihr nach der Einschreibung und Kursbelegung gut ins Fernstudium startet.","robots":{"index":"index","follow":"follow","max-snippet":"max-snippet:-1","max-image-preview":"max-image-preview:large","max-video-preview":"max-video-preview:-1"},"canonical":"http:\/\/fernstudiumscout.de\/insider\/wintersemester-einschreibung-und-kursbelegung\/","og_locale":"de_DE","og_type":"article","og_title":"Wintersemester, Einschreibung und Kursbelegung Fernstudium","og_description":"So startete das Wintersemester 2013\/2014. Wir haben ein paar Tipps f\u00fcr euch, wie ihr nach der Einschreibung und Kursbelegung gut ins Fernstudium startet.","og_url":"http:\/\/fernstudiumscout.de\/insider\/wintersemester-einschreibung-und-kursbelegung\/","og_site_name":"Insiderblog von Fernstudenten","article_author":"https:\/\/www.facebook.com\/njdressler","article_published_time":"2013-10-07T16:49:12+00:00","article_modified_time":"2018-05-16T22:17:42+00:00","author":"Nadine","twitter_misc":{"Verfasst von":"Nadine","Gesch\u00e4tzte Lesezeit":"3\u00a0Minuten"},"schema":{"@context":"https:\/\/schema.org","@graph":[{"@type":"WebPage","@id":"http:\/\/fernstudiumscout.de\/insider\/wintersemester-einschreibung-und-kursbelegung\/","url":"http:\/\/fernstudiumscout.de\/insider\/wintersemester-einschreibung-und-kursbelegung\/","name":"Wintersemester, Einschreibung und Kursbelegung Fernstudium","isPartOf":{"@id":"https:\/\/fernstudiumscout.de\/insider\/#website"},"datePublished":"2013-10-07T16:49:12+00:00","dateModified":"2018-05-16T22:17:42+00:00","author":{"@id":"https:\/\/fernstudiumscout.de\/insider\/#\/schema\/person\/46948b00009174c77a43dfd4a9e91de2"},"description":"So startete das Wintersemester 2013\/2014. Wir haben ein paar Tipps f\u00fcr euch, wie ihr nach der Einschreibung und Kursbelegung gut ins Fernstudium startet.","inLanguage":"de","potentialAction":[{"@type":"ReadAction","target":["http:\/\/fernstudiumscout.de\/insider\/wintersemester-einschreibung-und-kursbelegung\/"]}]},{"@type":"WebSite","@id":"https:\/\/fernstudiumscout.de\/insider\/#website","url":"https:\/\/fernstudiumscout.de\/insider\/","name":"Insiderblog von Fernstudenten","description":"auf Fernstudiumscout.de","potentialAction":[{"@type":"SearchAction","target":{"@type":"EntryPoint","urlTemplate":"https:\/\/fernstudiumscout.de\/insider\/?s={search_term_string}"},"query-input":"required name=search_term_string"}],"inLanguage":"de"},{"@type":"Person","@id":"https:\/\/fernstudiumscout.de\/insider\/#\/schema\/person\/46948b00009174c77a43dfd4a9e91de2","name":"Nadine","image":{"@type":"ImageObject","inLanguage":"de","@id":"https:\/\/fernstudiumscout.de\/insider\/#\/schema\/person\/image\/","url":"http:\/\/0.gravatar.com\/avatar\/6786f14bbaa065f8a9397ae0e7325602?s=96&d=mm&r=g","contentUrl":"http:\/\/0.gravatar.com\/avatar\/6786f14bbaa065f8a9397ae0e7325602?s=96&d=mm&r=g","caption":"Nadine"},"description":"Jahrgang 1976. Technik-Geek mit Hang zu OS X, Analog-Fotografie und Social Media. Gro\u00dfer Wissensdurst und die Lust am Neuen f\u00fchrte jetzt zu einem Fernstudium. Mein Motto: Tatsachen muss man kennen, bevor man sie verdrehen kann (Mark Twain).","sameAs":["https:\/\/www.facebook.com\/njdressler","https:\/\/twitter.com\/pimpyourmac"],"url":"http:\/\/fernstudiumscout.de\/insider\/team\/nadine\/"}]}},"_links":{"self":[{"href":"http:\/\/fernstudiumscout.de\/insider\/wp-json\/wp\/v2\/posts\/229"}],"collection":[{"href":"http:\/\/fernstudiumscout.de\/insider\/wp-json\/wp\/v2\/posts"}],"about":[{"href":"http:\/\/fernstudiumscout.de\/insider\/wp-json\/wp\/v2\/types\/post"}],"author":[{"embeddable":true,"href":"http:\/\/fernstudiumscout.de\/insider\/wp-json\/wp\/v2\/users\/13"}],"replies":[{"embeddable":true,"href":"http:\/\/fernstudiumscout.de\/insider\/wp-json\/wp\/v2\/comments?post=229"}],"version-history":[{"count":8,"href":"http:\/\/fernstudiumscout.de\/insider\/wp-json\/wp\/v2\/posts\/229\/revisions"}],"predecessor-version":[{"id":238,"href":"http:\/\/fernstudiumscout.de\/insider\/wp-json\/wp\/v2\/posts\/229\/revisions\/238"}],"wp:attachment":[{"href":"http:\/\/fernstudiumscout.de\/insider\/wp-json\/wp\/v2\/media?parent=229"}],"wp:term":[{"taxonomy":"category","embeddable":true,"href":"http:\/\/fernstudiumscout.de\/insider\/wp-json\/wp\/v2\/categories?post=229"},{"taxonomy":"post_tag","embeddable":true,"href":"http:\/\/fernstudiumscout.de\/insider\/wp-json\/wp\/v2\/tags?post=229"}],"curies":[{"name":"wp","href":"https:\/\/api.w.org\/{rel}","templated":true}]}}